{"id":3581,"date":"2024-10-17T23:12:08","date_gmt":"2024-10-17T21:12:08","guid":{"rendered":"https:\/\/www.anfaa.it\/friuli\/?p=3581"},"modified":"2026-02-13T12:19:05","modified_gmt":"2026-02-13T11:19:05","slug":"una-vita-in-dono","status":"publish","type":"post","link":"https:\/\/www.anfaa.it\/friuli\/adozione\/una-vita-in-dono\/","title":{"rendered":"Una Vita in Dono"},"content":{"rendered":"<div class=\"fusion-fullwidth fullwidth-box fusion-builder-row-1 fusion-flex-container has-pattern-background has-mask-background nonhundred-percent-fullwidth non-hundred-percent-height-scrolling\" style=\"--awb-background-position:left top;--awb-border-sizes-top:0px;--awb-border-sizes-bottom:0px;--awb-border-sizes-left:0px;--awb-border-sizes-right:0px;--awb-border-radius-top-left:0px;--awb-border-radius-top-right:0px;--awb-border-radius-bottom-right:0px;--awb-border-radius-bottom-left:0px;--awb-padding-top:120px;--awb-padding-bottom:0px;--awb-flex-wrap:wrap;\" ><div class=\"fusion-builder-row fusion-row fusion-flex-align-items-flex-start fusion-flex-content-wrap\" style=\"max-width:1216.8px;margin-left: calc(-4% \/ 2 );margin-right: calc(-4% \/ 2 );\"><div class=\"fusion-layout-column fusion_builder_column fusion-builder-column-0 fusion_builder_column_1_1 1_1 fusion-flex-column\" style=\"--awb-bg-blend:overlay;--awb-bg-size:cover;--awb-width-large:100%;--awb-margin-top-large:0px;--awb-spacing-right-large:1.92%;--awb-margin-bottom-large:20px;--awb-spacing-left-large:1.92%;--awb-width-medium:100%;--awb-spacing-right-medium:1.92%;--awb-spacing-left-medium:1.92%;--awb-width-small:100%;--awb-spacing-right-small:1.92%;--awb-spacing-left-small:1.92%;\"><div class=\"fusion-column-wrapper fusion-flex-justify-content-flex-start fusion-content-layout-column\"><div class=\"fusion-title title fusion-title-1 fusion-sep-none fusion-title-text fusion-title-size-three\"><h3 class=\"fusion-title-heading title-heading-left\" style=\"margin:0;text-transform:uppercase;line-height:1;\">Incontro con l&#8217;autrice<\/h3><\/div><div class=\"fusion-separator\" style=\"align-self: flex-start;margin-right:auto;margin-top:0px;margin-bottom:30px;width:100%;max-width:200px;\"><div class=\"fusion-separator-border sep-single sep-solid\" style=\"--awb-height:20px;--awb-amount:20px;--awb-sep-color:var(--awb-color4);border-color:var(--awb-color4);border-top-width:3px;\"><\/div><\/div><div class=\"fusion-builder-row fusion-builder-row-inner fusion-row fusion-flex-align-items-flex-start fusion-flex-content-wrap\" style=\"width:104% !important;max-width:104% !important;margin-left: calc(-4% \/ 2 );margin-right: calc(-4% \/ 2 );\"><div class=\"fusion-layout-column fusion_builder_column_inner fusion-builder-nested-column-0 fusion_builder_column_inner_1_3 1_3 fusion-flex-column\" style=\"--awb-bg-size:cover;--awb-width-large:33.333333333333%;--awb-margin-top-large:0px;--awb-spacing-right-large:5.76%;--awb-margin-bottom-large:20px;--awb-spacing-left-large:5.76%;--awb-width-medium:100%;--awb-order-medium:0;--awb-spacing-right-medium:1.92%;--awb-spacing-left-medium:1.92%;--awb-width-small:100%;--awb-order-small:0;--awb-spacing-right-small:1.92%;--awb-spacing-left-small:1.92%;\"><div class=\"fusion-column-wrapper fusion-column-has-shadow fusion-flex-justify-content-flex-start fusion-content-layout-column\"><div class=\"fusion-image-element \" style=\"--awb-caption-title-font-family:var(--h2_typography-font-family);--awb-caption-title-font-weight:var(--h2_typography-font-weight);--awb-caption-title-font-style:var(--h2_typography-font-style);--awb-caption-title-size:var(--h2_typography-font-size);--awb-caption-title-transform:var(--h2_typography-text-transform);--awb-caption-title-line-height:var(--h2_typography-line-height);--awb-caption-title-letter-spacing:var(--h2_typography-letter-spacing);\"><span class=\" fusion-imageframe imageframe-none imageframe-1 hover-type-none\"><img decoding=\"async\" width=\"209\" height=\"300\" title=\"AQUILEIA &#8211; ROFFINO LOCANDINA\" src=\"https:\/\/www.anfaa.it\/friuli\/wp-content\/uploads\/sites\/11\/2024\/10\/AQUILEIA-ROFFINO-LOCANDINA.jpg\" data-orig-src=\"https:\/\/www.anfaa.it\/friuli\/wp-content\/uploads\/sites\/11\/2024\/10\/AQUILEIA-ROFFINO-LOCANDINA-209x300.jpg\" alt class=\"lazyload img-responsive wp-image-3573\" srcset=\"data:image\/svg+xml,%3Csvg%20xmlns%3D%27http%3A%2F%2Fwww.w3.org%2F2000%2Fsvg%27%20width%3D%271008%27%20height%3D%271448%27%20viewBox%3D%270%200%201008%201448%27%3E%3Crect%20width%3D%271008%27%20height%3D%271448%27%20fill-opacity%3D%220%22%2F%3E%3C%2Fsvg%3E\" data-srcset=\"https:\/\/www.anfaa.it\/friuli\/wp-content\/uploads\/sites\/11\/2024\/10\/AQUILEIA-ROFFINO-LOCANDINA-200x287.jpg 200w, https:\/\/www.anfaa.it\/friuli\/wp-content\/uploads\/sites\/11\/2024\/10\/AQUILEIA-ROFFINO-LOCANDINA-400x575.jpg 400w, https:\/\/www.anfaa.it\/friuli\/wp-content\/uploads\/sites\/11\/2024\/10\/AQUILEIA-ROFFINO-LOCANDINA-600x862.jpg 600w, https:\/\/www.anfaa.it\/friuli\/wp-content\/uploads\/sites\/11\/2024\/10\/AQUILEIA-ROFFINO-LOCANDINA-800x1149.jpg 800w, https:\/\/www.anfaa.it\/friuli\/wp-content\/uploads\/sites\/11\/2024\/10\/AQUILEIA-ROFFINO-LOCANDINA.jpg 1008w\" data-sizes=\"auto\" data-orig-sizes=\"(max-width: 1024px) 100vw, (max-width: 640px) 100vw, 400px\" \/><\/span><\/div><\/div><\/div><div class=\"fusion-layout-column fusion_builder_column_inner fusion-builder-nested-column-1 fusion_builder_column_inner_2_3 2_3 fusion-flex-column\" style=\"--awb-bg-size:cover;--awb-width-large:66.666666666667%;--awb-margin-top-large:0px;--awb-spacing-right-large:2.88%;--awb-margin-bottom-large:20px;--awb-spacing-left-large:2.88%;--awb-width-medium:100%;--awb-order-medium:0;--awb-spacing-right-medium:1.92%;--awb-spacing-left-medium:1.92%;--awb-width-small:100%;--awb-order-small:0;--awb-spacing-right-small:1.92%;--awb-spacing-left-small:1.92%;\" data-motion-effects=\"[{&quot;type&quot;:&quot;&quot;,&quot;scroll_type&quot;:&quot;transition&quot;,&quot;scroll_direction&quot;:&quot;up&quot;,&quot;transition_speed&quot;:&quot;1&quot;,&quot;fade_type&quot;:&quot;in&quot;,&quot;scale_type&quot;:&quot;up&quot;,&quot;initial_scale&quot;:&quot;1&quot;,&quot;max_scale&quot;:&quot;1.5&quot;,&quot;min_scale&quot;:&quot;0.5&quot;,&quot;initial_rotate&quot;:&quot;0&quot;,&quot;end_rotate&quot;:&quot;30&quot;,&quot;initial_blur&quot;:&quot;0&quot;,&quot;end_blur&quot;:&quot;3&quot;,&quot;start_element&quot;:&quot;top&quot;,&quot;start_viewport&quot;:&quot;bottom&quot;,&quot;end_element&quot;:&quot;bottom&quot;,&quot;end_viewport&quot;:&quot;top&quot;,&quot;mouse_effect&quot;:&quot;track&quot;,&quot;mouse_effect_direction&quot;:&quot;opposite&quot;,&quot;mouse_effect_speed&quot;:&quot;2&quot;,&quot;infinite_animation&quot;:&quot;float&quot;,&quot;infinite_animation_speed&quot;:&quot;2&quot;}]\" data-scroll-devices=\"small-visibility,medium-visibility,large-visibility\"><div class=\"fusion-column-wrapper fusion-column-has-shadow fusion-flex-justify-content-flex-start fusion-content-layout-column\"><div class=\"fusion-text fusion-text-1\"><p><strong>Storia di un\u2019adozione avvenuta dalla decisione di una donna che ha scelto di non voler essere nominata.<\/strong><\/p>\n<p>La possibilit\u00e0 del parto in anonimato, in Italia, \u00e8 pressoch\u00e9 sconosciuta. Nel fare questa scelta la donna \u00e8 giudicata a priori e spesso osteggiata. Di contro il bambino \u00e8 sempre quello &#8220;abbandonato&#8221;.<\/p>\n<p>La testimonianza di <strong>Claudia Roffino<\/strong>, coautrice assiema a Barbara Di Clemente del libro <em>Una Vita in Dono<\/em>, offrir\u00e0 un punto di vista completamente diverso, nel quale trovano valore i diritti per la donna e per il nascituro.<\/p>\n<p>Venerd\u00ec 25 ottobre 2024 &#8211; ore 17:30<\/p>\n<p>AQUILEIA (UD) &#8211;\u00a0Sala Consiliare<\/p>\n<p>INGRESSO LIBERO<\/p>\n<\/div><\/div><\/div><\/div><\/div><\/div><\/div><\/div>\n","protected":false},"excerpt":{"rendered":"<p>Venerd\u00ec 25 ottobre 2024- Parto in anonimato, un diritto per le donne che non possono offrire un futuro al proprio nascituro. Incontro con l&#8217;autrice Claudia Roffino.<\/p>\n","protected":false},"author":7,"featured_media":3572,"comment_status":"closed","ping_status":"closed","sticky":false,"template":"","format":"standard","meta":{"footnotes":""},"categories":[10,12],"tags":[],"class_list":["post-3581","post","type-post","status-publish","format-standard","has-post-thumbnail","hentry","category-adozione","category-eventi-passati"],"_links":{"self":[{"href":"https:\/\/www.anfaa.it\/friuli\/wp-json\/wp\/v2\/posts\/3581","targetHints":{"allow":["GET"]}}],"collection":[{"href":"https:\/\/www.anfaa.it\/friuli\/wp-json\/wp\/v2\/posts"}],"about":[{"href":"https:\/\/www.anfaa.it\/friuli\/wp-json\/wp\/v2\/types\/post"}],"author":[{"embeddable":true,"href":"https:\/\/www.anfaa.it\/friuli\/wp-json\/wp\/v2\/users\/7"}],"replies":[{"embeddable":true,"href":"https:\/\/www.anfaa.it\/friuli\/wp-json\/wp\/v2\/comments?post=3581"}],"version-history":[{"count":10,"href":"https:\/\/www.anfaa.it\/friuli\/wp-json\/wp\/v2\/posts\/3581\/revisions"}],"predecessor-version":[{"id":3926,"href":"https:\/\/www.anfaa.it\/friuli\/wp-json\/wp\/v2\/posts\/3581\/revisions\/3926"}],"wp:featuredmedia":[{"embeddable":true,"href":"https:\/\/www.anfaa.it\/friuli\/wp-json\/wp\/v2\/media\/3572"}],"wp:attachment":[{"href":"https:\/\/www.anfaa.it\/friuli\/wp-json\/wp\/v2\/media?parent=3581"}],"wp:term":[{"taxonomy":"category","embeddable":true,"href":"https:\/\/www.anfaa.it\/friuli\/wp-json\/wp\/v2\/categories?post=3581"},{"taxonomy":"post_tag","embeddable":true,"href":"https:\/\/www.anfaa.it\/friuli\/wp-json\/wp\/v2\/tags?post=3581"}],"curies":[{"name":"wp","href":"https:\/\/api.w.org\/{rel}","templated":true}]}}