{"id":3838,"date":"2025-08-27T09:47:48","date_gmt":"2025-08-27T07:47:48","guid":{"rendered":"https:\/\/www.anfaa.it\/novara\/?p=3838"},"modified":"2026-04-20T20:52:28","modified_gmt":"2026-04-20T18:52:28","slug":"affido-familiare-incontro-di-gruppo","status":"publish","type":"post","link":"https:\/\/www.anfaa.it\/novara\/prossimi-eventi\/affido-familiare-incontro-di-gruppo\/","title":{"rendered":"Affido familiare: incontro di gruppo"},"content":{"rendered":"<p><img decoding=\"async\" class=\"lazyload alignnone size-full wp-image-3343\" src=\"https:\/\/www.anfaa.it\/novara\/wp-content\/uploads\/sites\/7\/2023\/12\/UnGirotondoConTe-150x150-1.jpg\" data-orig-src=\"https:\/\/www.anfaa.it\/novara\/wp-content\/uploads\/sites\/7\/2023\/12\/UnGirotondoConTe-150x150-1.jpg\" alt=\"\" width=\"150\" height=\"150\" srcset=\"data:image\/svg+xml,%3Csvg%20xmlns%3D%27http%3A%2F%2Fwww.w3.org%2F2000%2Fsvg%27%20width%3D%27150%27%20height%3D%27150%27%20viewBox%3D%270%200%20150%20150%27%3E%3Crect%20width%3D%27150%27%20height%3D%27150%27%20fill-opacity%3D%220%22%2F%3E%3C%2Fsvg%3E\" data-srcset=\"https:\/\/www.anfaa.it\/novara\/wp-content\/uploads\/sites\/7\/2023\/12\/UnGirotondoConTe-150x150-1-66x66.jpg 66w, https:\/\/www.anfaa.it\/novara\/wp-content\/uploads\/sites\/7\/2023\/12\/UnGirotondoConTe-150x150-1.jpg 150w\" data-sizes=\"auto\" data-orig-sizes=\"(max-width: 150px) 100vw, 150px\" \/>Sabato 9 maggio 2026 \u00e8 previsto l&#8217;incontro del gruppo affido, a Novara in Via Ragazzi del 99 n. 9 dalle ore 15,30, ci aiuter\u00e0 nel percorso la Dr.ssa Alessandra Magni -psicologa che segue il gruppo da tempo.<\/p>\n<p>L&#8217;incontro \u00e8 aperto sia a coloro che gi\u00e0 hanno accolto minori in affido sia coloro che si avvicinano alla tematica dell&#8217;accoglienza e vogliono saperne di pi\u00f9. L&#8217;affido \u00e8 un intervento complesso che &#8211; insieme al bambino in difficolt\u00e0\u00a0 &#8211; coinvolge anche la sua famiglia di origine e il servizio sociale di competenza. Ricordiamo che sono possibili incontri personalizzati su appuntamento scrivendo a anfaanovara@gmail.com.<\/p>\n<p>&nbsp;<\/p>\n","protected":false},"excerpt":{"rendered":"<p>Sabato 9 maggio 2026 \u00e8 previsto l&#8217;incontro del gruppo affido. Saremo a Novara in Via Ragazzi del 99 n. 9 dalle ore 15,30, ci aiuter\u00e0 nel percorso la Dr.ssa Alessandra Magni -psicologa &#8211;\u00a0 che segue il gruppo da tempo. L&#8217;incontro \u00e8 aperto sia a coloro che gi\u00e0 hanno accolto minori in affido sia coloro che si avvicinano alla tematica dell&#8217;accoglienza e vogliono saperne di pi\u00f9. L&#8217;affido \u00e8 un intervento complesso che &#8211; insieme al bambino in difficolt\u00e0\u00a0 &#8211; coinvolge anche la sua famiglia di origine e il servizio sociale di competenza. Ricordiamo che sono possibili incontri personalizzati su appuntamento scrivendo a anfaanovara@gmail.com.<\/p>\n","protected":false},"author":9,"featured_media":3343,"comment_status":"closed","ping_status":"closed","sticky":false,"template":"","format":"standard","meta":{"footnotes":""},"categories":[11,9],"tags":[],"class_list":["post-3838","post","type-post","status-publish","format-standard","has-post-thumbnail","hentry","category-affidamento","category-prossimi-eventi"],"_links":{"self":[{"href":"https:\/\/www.anfaa.it\/novara\/wp-json\/wp\/v2\/posts\/3838","targetHints":{"allow":["GET"]}}],"collection":[{"href":"https:\/\/www.anfaa.it\/novara\/wp-json\/wp\/v2\/posts"}],"about":[{"href":"https:\/\/www.anfaa.it\/novara\/wp-json\/wp\/v2\/types\/post"}],"author":[{"embeddable":true,"href":"https:\/\/www.anfaa.it\/novara\/wp-json\/wp\/v2\/users\/9"}],"replies":[{"embeddable":true,"href":"https:\/\/www.anfaa.it\/novara\/wp-json\/wp\/v2\/comments?post=3838"}],"version-history":[{"count":18,"href":"https:\/\/www.anfaa.it\/novara\/wp-json\/wp\/v2\/posts\/3838\/revisions"}],"predecessor-version":[{"id":3950,"href":"https:\/\/www.anfaa.it\/novara\/wp-json\/wp\/v2\/posts\/3838\/revisions\/3950"}],"wp:featuredmedia":[{"embeddable":true,"href":"https:\/\/www.anfaa.it\/novara\/wp-json\/wp\/v2\/media\/3343"}],"wp:attachment":[{"href":"https:\/\/www.anfaa.it\/novara\/wp-json\/wp\/v2\/media?parent=3838"}],"wp:term":[{"taxonomy":"category","embeddable":true,"href":"https:\/\/www.anfaa.it\/novara\/wp-json\/wp\/v2\/categories?post=3838"},{"taxonomy":"post_tag","embeddable":true,"href":"https:\/\/www.anfaa.it\/novara\/wp-json\/wp\/v2\/tags?post=3838"}],"curies":[{"name":"wp","href":"https:\/\/api.w.org\/{rel}","templated":true}]}}