{"id":3892,"date":"2025-12-11T09:01:54","date_gmt":"2025-12-11T08:01:54","guid":{"rendered":"https:\/\/www.anfaa.it\/novara\/?p=3892"},"modified":"2026-04-20T21:02:40","modified_gmt":"2026-04-20T19:02:40","slug":"adozione-incontro-di-gruppo","status":"publish","type":"post","link":"https:\/\/www.anfaa.it\/novara\/prossimi-eventi\/adozione-incontro-di-gruppo\/","title":{"rendered":"Adozione, incontro di gruppo"},"content":{"rendered":"<p><img decoding=\"async\" class=\"lazyload alignnone wp-image-3882\" src=\"data:image\/svg+xml,%3Csvg%20xmlns%3D%27http%3A%2F%2Fwww.w3.org%2F2000%2Fsvg%27%20width%3D%27197%27%20height%3D%27197%27%20viewBox%3D%270%200%20197%20197%27%3E%3Crect%20width%3D%27197%27%20height%3D%27197%27%20fill-opacity%3D%220%22%2F%3E%3C%2Fsvg%3E\" data-orig-src=\"https:\/\/www.anfaa.it\/novara\/wp-content\/uploads\/sites\/7\/2025\/10\/Copertina_ANFAA-scaled.jpg\" alt=\"\" width=\"197\" height=\"197\" \/> Sabato 16 maggio 2026 alle ore 15,30 ci troviamo presso la sala parrochiale di Pernate (NO) P.za Don Baldone 1 (P.za della Chiesa). Sar\u00e0 con noi la Dr.ssa Monica Urani &#8211; pedagogista, per\u00a0 l&#8217;approfondimento di temi di\u00a0 interesse.\u00a0 I bambini presenti saranno seguiti da un adulto per tutta la durata dell&#8217;incontro, sotto la responsabilit\u00e0 dei genitori. L&#8217;incontro \u00e8 aperto sia a coloro che gi\u00e0 sono genitori sia coloro che stanno facendo il percorso verso l&#8217;adozione.<\/p>\n<p>Per coloro che si avvicinano per la prima volta \u00e8 opportuno scrivere a Anfaanovara@gmail.com, sono infatti possibili incontri personalzzati su appuntamento (sia per l&#8217;adozione che per l&#8217;affido).<\/p>\n","protected":false},"excerpt":{"rendered":"<p>Sabato 16 maggio alle ore 15,30 ci troviamo presso la sala parrochiale di Pernate (NO) P.za Don Baldone 1 (P.za della Chiesa). Sar\u00e0 con noi la Sar\u00e0 con noi la Dr.ssa Monica Urani &#8211; pedagogista\u00a0per l&#8217;approfondimento di temi di interesse. I bambini presenti saranno seguiti da un adulto per tutta la durata dell&#8217;incontro, sotto la responsabilit\u00e0 dei genitori. L&#8217;incontro \u00e8 aperto sia a coloro che gi\u00e0 sono genitori sia coloro che stanno facendo il percorso verso l&#8217;adozione.\u00a0<br \/>\nPer coloro che si avvicinano per la prima volta \u00e8 opportuno scrivere a Anfaanovara@gmail.com, sono infatti possibili incontri personalzzati su appuntamento (sia perl&#8217;adozione che per l&#8217;affido).<\/p>\n","protected":false},"author":9,"featured_media":3882,"comment_status":"closed","ping_status":"closed","sticky":false,"template":"","format":"standard","meta":{"footnotes":""},"categories":[12,9],"tags":[],"class_list":["post-3892","post","type-post","status-publish","format-standard","has-post-thumbnail","hentry","category-adozione","category-prossimi-eventi"],"_links":{"self":[{"href":"https:\/\/www.anfaa.it\/novara\/wp-json\/wp\/v2\/posts\/3892","targetHints":{"allow":["GET"]}}],"collection":[{"href":"https:\/\/www.anfaa.it\/novara\/wp-json\/wp\/v2\/posts"}],"about":[{"href":"https:\/\/www.anfaa.it\/novara\/wp-json\/wp\/v2\/types\/post"}],"author":[{"embeddable":true,"href":"https:\/\/www.anfaa.it\/novara\/wp-json\/wp\/v2\/users\/9"}],"replies":[{"embeddable":true,"href":"https:\/\/www.anfaa.it\/novara\/wp-json\/wp\/v2\/comments?post=3892"}],"version-history":[{"count":20,"href":"https:\/\/www.anfaa.it\/novara\/wp-json\/wp\/v2\/posts\/3892\/revisions"}],"predecessor-version":[{"id":3951,"href":"https:\/\/www.anfaa.it\/novara\/wp-json\/wp\/v2\/posts\/3892\/revisions\/3951"}],"wp:featuredmedia":[{"embeddable":true,"href":"https:\/\/www.anfaa.it\/novara\/wp-json\/wp\/v2\/media\/3882"}],"wp:attachment":[{"href":"https:\/\/www.anfaa.it\/novara\/wp-json\/wp\/v2\/media?parent=3892"}],"wp:term":[{"taxonomy":"category","embeddable":true,"href":"https:\/\/www.anfaa.it\/novara\/wp-json\/wp\/v2\/categories?post=3892"},{"taxonomy":"post_tag","embeddable":true,"href":"https:\/\/www.anfaa.it\/novara\/wp-json\/wp\/v2\/tags?post=3892"}],"curies":[{"name":"wp","href":"https:\/\/api.w.org\/{rel}","templated":true}]}}