{"id":3614,"date":"2026-04-14T19:45:39","date_gmt":"2026-04-14T17:45:39","guid":{"rendered":"https:\/\/www.anfaa.it\/torino\/?p=3614"},"modified":"2026-04-18T20:13:12","modified_gmt":"2026-04-18T18:13:12","slug":"radici-e-ali-ciclo-di-incontri-formativi-online-sullaffidamento-familiare","status":"publish","type":"post","link":"https:\/\/www.anfaa.it\/torino\/prossimi-eventi\/radici-e-ali-ciclo-di-incontri-formativi-online-sullaffidamento-familiare\/","title":{"rendered":"Radici e Ali: Ciclo di incontri formativi online sull&#8217;affidamento familiare"},"content":{"rendered":"<p><img decoding=\"async\" class=\"lazyload alignnone size-full wp-image-3613\" src=\"data:image\/svg+xml,%3Csvg%20xmlns%3D%27http%3A%2F%2Fwww.w3.org%2F2000%2Fsvg%27%20width%3D%271061%27%20height%3D%271510%27%20viewBox%3D%270%200%201061%201510%27%3E%3Crect%20width%3D%271061%27%20height%3D%271510%27%20fill-opacity%3D%220%22%2F%3E%3C%2Fsvg%3E\" data-orig-src=\"https:\/\/www.anfaa.it\/torino\/wp-content\/uploads\/sites\/9\/2026\/04\/WhatsApp-Image-2026-04-13-at-12.12.57.jpeg\" alt=\"\" width=\"1061\" height=\"1510\" \/>Un percorso gratuito in cinque serate per conoscere, comprendere e prepararsi all&#8217;esperienza dell&#8217;affido, promosso in rete da ANFAA, Comunit\u00e0 Papa Giovanni XXIII e Piemonte FORUM.<\/p>\n<p>&nbsp;<\/p>\n<p data-path-to-node=\"6\">Prendersi cura di un bambino o di un ragazzo in difficolt\u00e0 \u00e8 un gesto di grande amore, ma richiede anche consapevolezza e preparazione. Per questo motivo, nasce questo percorso formativo, curato dall\u2019<b data-path-to-node=\"6\" data-index-in-node=\"200\">Associazione Comunit\u00e0 Papa Giovanni XXIII<\/b> e promosso in collaborazione con la nostra associazione (<b data-path-to-node=\"6\" data-index-in-node=\"299\">ANFAA<\/b>) e il <b data-path-to-node=\"6\" data-index-in-node=\"311\">Piemonte FORUM delle Associazioni Familiari<\/b>.<\/p>\n<p data-path-to-node=\"7\">L&#8217;obiettivo \u00e8 quello di fornire strumenti concreti, creare uno spazio di riflessione condivisa e accompagnare chi desidera avvicinarsi al mondo dell&#8217;accoglienza.<\/p>\n<p data-path-to-node=\"8\"><b data-path-to-node=\"8\" data-index-in-node=\"0\">I dettagli del corso:<\/b> Gli incontri si svolgeranno in modalit\u00e0 a distanza, per permettere la massima partecipazione, e seguiranno il seguente calendario:<\/p>\n<ul data-path-to-node=\"9\">\n<li>\n<p data-path-to-node=\"9,0,0\"><b data-path-to-node=\"9,0,0\" data-index-in-node=\"0\">Quando:<\/b> Tutti i gioved\u00ec sera, dalle ore 21:00 alle 22:30.<\/p>\n<\/li>\n<li>\n<p data-path-to-node=\"9,1,0\"><b data-path-to-node=\"9,1,0\" data-index-in-node=\"0\">Le date:<\/b> 16, 23 e 30 aprile | 7 e 14 maggio.<\/p>\n<\/li>\n<li>\n<p data-path-to-node=\"9,2,0\"><b data-path-to-node=\"9,2,0\" data-index-in-node=\"0\">Dove:<\/b> On-line sulla piattaforma Zoom.<\/p>\n<\/li>\n<\/ul>\n<p data-path-to-node=\"10\"><b data-path-to-node=\"10\" data-index-in-node=\"0\">Come partecipare:<\/b> La partecipazione al ciclo di incontri \u00e8 gratuita, ma <b data-path-to-node=\"10\" data-index-in-node=\"72\">l&#8217;iscrizione \u00e8 obbligatoria<\/b>. Per registrarsi e ricevere il link di accesso agli incontri, \u00e8 necessario inviare un&#8217;e-mail all&#8217;indirizzo: <b data-path-to-node=\"10\" data-index-in-node=\"208\">forumfamigliepiemonte5@gmail.com<\/b>.<\/p>\n<p data-path-to-node=\"11\"><b data-path-to-node=\"11\" data-index-in-node=\"0\">Informazioni importanti:<\/b><\/p>\n<ul data-path-to-node=\"12\">\n<li>\n<p data-path-to-node=\"12,0,0\"><b data-path-to-node=\"12,0,0\" data-index-in-node=\"0\">Privacy:<\/b> Gli incontri verranno registrati per finalit\u00e0 formative. Ai partecipanti sar\u00e0 pertanto richiesta la compilazione di una liberatoria per la privacy.<\/p>\n<\/li>\n<li>\n<p data-path-to-node=\"12,1,0\"><b data-path-to-node=\"12,1,0\" data-index-in-node=\"0\">Il percorso continua:<\/b> Segnaliamo fin da ora che a settembre \u00e8 prevista una seconda serie di incontri di carattere maggiormente esperienziale, per mettere in pratica e approfondire quanto condiviso in questa prima fase.<\/p>\n<\/li>\n<\/ul>\n<p data-path-to-node=\"13\">Vi aspettiamo numerosi per costruire insieme nuove radici e donare nuove ali!<\/p>\n<hr data-path-to-node=\"14\" \/>\n<p data-path-to-node=\"15\"><i data-path-to-node=\"15\" data-index-in-node=\"0\">L&#8217;iniziativa \u00e8 realizzata nell&#8217;ambito del Progetto &#8220;CASA &#8211; Comunit\u00e0, Alleanze e Solidariet\u00e0 per l&#8217;Accoglienza&#8221;, finanziato dal Ministero del Lavoro e delle Politiche Sociali attraverso il Fondo per il finanziamento di progetti e iniziative di interesse generale nel terzo settore art.72 D.Lgs. n. 117\/2017 e s.m.i. \u2013 Avviso n. 2\/2024.<\/i><\/p>\n","protected":false},"excerpt":{"rendered":"<p>Un percorso gratuito in cinque serate per conoscere, comprendere e prepararsi all&#8217;esperienza dell&#8217;affido, promosso in rete da ANFAA, Comunit\u00e0 Papa Giovanni XXIII e Piemonte FORUM. &nbsp; Prendersi cura di un bambino o di un ragazzo in difficolt\u00e0 \u00e8 un gesto di grande amore, ma richiede anche consapevolezza e preparazione. Per questo motivo, nasce questo percorso [&hellip;]<\/p>\n","protected":false},"author":11,"featured_media":0,"comment_status":"closed","ping_status":"closed","sticky":false,"template":"","format":"standard","meta":{"footnotes":""},"categories":[11,10,9],"tags":[15],"class_list":["post-3614","post","type-post","status-publish","format-standard","hentry","category-affidamento","category-in-primo-piano","category-prossimi-eventi","tag-affidamento"],"_links":{"self":[{"href":"https:\/\/www.anfaa.it\/torino\/wp-json\/wp\/v2\/posts\/3614","targetHints":{"allow":["GET"]}}],"collection":[{"href":"https:\/\/www.anfaa.it\/torino\/wp-json\/wp\/v2\/posts"}],"about":[{"href":"https:\/\/www.anfaa.it\/torino\/wp-json\/wp\/v2\/types\/post"}],"author":[{"embeddable":true,"href":"https:\/\/www.anfaa.it\/torino\/wp-json\/wp\/v2\/users\/11"}],"replies":[{"embeddable":true,"href":"https:\/\/www.anfaa.it\/torino\/wp-json\/wp\/v2\/comments?post=3614"}],"version-history":[{"count":4,"href":"https:\/\/www.anfaa.it\/torino\/wp-json\/wp\/v2\/posts\/3614\/revisions"}],"predecessor-version":[{"id":3618,"href":"https:\/\/www.anfaa.it\/torino\/wp-json\/wp\/v2\/posts\/3614\/revisions\/3618"}],"wp:attachment":[{"href":"https:\/\/www.anfaa.it\/torino\/wp-json\/wp\/v2\/media?parent=3614"}],"wp:term":[{"taxonomy":"category","embeddable":true,"href":"https:\/\/www.anfaa.it\/torino\/wp-json\/wp\/v2\/categories?post=3614"},{"taxonomy":"post_tag","embeddable":true,"href":"https:\/\/www.anfaa.it\/torino\/wp-json\/wp\/v2\/tags?post=3614"}],"curies":[{"name":"wp","href":"https:\/\/api.w.org\/{rel}","templated":true}]}}