{"id":3821,"date":"2025-11-17T21:59:36","date_gmt":"2025-11-17T20:59:36","guid":{"rendered":"https:\/\/www.anfaa.it\/trieste\/?p=3821"},"modified":"2025-11-17T22:11:01","modified_gmt":"2025-11-17T21:11:01","slug":"incontro-24-ottobre-2025-flessibilita-cognitiva-ed-emotiva-come-i-genitori-possono-sviluppare-la-capacita-di-adattarsi-ai-cambiamenti-e-gestire-le-proprie-emozioni-in-modo-efficace","status":"publish","type":"post","link":"https:\/\/www.anfaa.it\/trieste\/adozione\/incontro-24-ottobre-2025-flessibilita-cognitiva-ed-emotiva-come-i-genitori-possono-sviluppare-la-capacita-di-adattarsi-ai-cambiamenti-e-gestire-le-proprie-emozioni-in-modo-efficace\/","title":{"rendered":"Incontro 24 ottobre 2025 Flessibilit\u00e0 cognitiva ed emotiva: come i genitori possono sviluppare la capacit\u00e0 di adattarsi ai cambiamenti e gestire le proprie emozioni in modo efficace"},"content":{"rendered":"<div class=\"fusion-fullwidth fullwidth-box fusion-builder-row-1 fusion-flex-container nonhundred-percent-fullwidth non-hundred-percent-height-scrolling\" style=\"--awb-border-radius-top-left:0px;--awb-border-radius-top-right:0px;--awb-border-radius-bottom-right:0px;--awb-border-radius-bottom-left:0px;--awb-flex-wrap:wrap;\" ><div class=\"fusion-builder-row fusion-row fusion-flex-align-items-flex-start fusion-flex-content-wrap\" style=\"max-width:1216.8px;margin-left: calc(-4% \/ 2 );margin-right: calc(-4% \/ 2 );\"><div class=\"fusion-layout-column fusion_builder_column fusion-builder-column-0 fusion_builder_column_1_1 1_1 fusion-flex-column\" style=\"--awb-bg-blend:overlay;--awb-bg-size:cover;--awb-width-large:100%;--awb-margin-top-large:0px;--awb-spacing-right-large:1.92%;--awb-margin-bottom-large:0px;--awb-spacing-left-large:1.92%;--awb-width-medium:100%;--awb-spacing-right-medium:1.92%;--awb-spacing-left-medium:1.92%;--awb-width-small:100%;--awb-spacing-right-small:1.92%;--awb-spacing-left-small:1.92%;\"><div class=\"fusion-column-wrapper fusion-flex-justify-content-flex-start fusion-content-layout-column\"><div class=\"fusion-text fusion-text-1\"><p><strong>VENERDI\u2019 24 ottobre 2025<\/strong> presso il Seminario vescovile in via Besenghi 16 (TRIESTE) alle ore 20.30, la dott.ssa Ester Scaravelli, psicologa e psicoterapeuta, terr\u00e0 un nuovo incontro sul tema <strong>&#8220;Flessibilit\u00e0 cognitiva ed emotiva: come i genitori possono sviluppare la capacit\u00e0 di adattarsi ai cambiamenti e gestire le proprie emozioni in modo efficace&#8221;<\/strong> <strong>.<\/strong><\/p>\n<div>Sar\u00e0 attivo il servizio di intrattenimento per bambini\/e e ragazzi\/e in una sala attigua durante l\u2019incontro. Per motivi organizzativi ti chiediamo di compilare il modulo al seguente link <strong><a href=\"https:\/\/docs.google.com\/forms\/d\/1Bmch7ID9WGMcNbH-MoT38B4d7XVoRNnTBmIqBb5aueU\/edit\" target=\"_blank\" rel=\"noopener\" data-saferedirecturl=\"https:\/\/www.google.com\/url?q=https:\/\/www.anfaa.it\/trieste\/?nltr%3DODs1MTtodHRwczovL2RvY3MuZ29vZ2xlLmNvbS9mb3Jtcy9kLzF5Wmt4NTR1dEZSVmthbkltYXJ2UjMwSlJySkR6anVHaDBjYmJzWDJIQXY0L2VkaXQ7OzgxODViYWU1NmNjMDlkOGY4Yjk3MjhjY2ZkNjZiNTAy&amp;source=gmail&amp;ust=1745858514053000&amp;usg=AOvVaw2pqDXIyEeCcH2ZC1hPI_vR\">Modulo iscrizione figli<\/a><\/strong>\u00a0se possibile entro il giorno precedente.<\/div>\n<div>\n<p>A chi fosse interessato verr\u00e0 rilasciato l\u2019attestato di partecipazione.<\/p>\n<p>A presto!<\/p>\n<p><strong><em>Gli amici di\u00a0<span class=\"il\">ANFAA<\/span>\u00a0Trieste<\/em><\/strong><\/p>\n<p>***<\/p>\n<p><em>Gli incontri, tutti <strong>gratuiti,<\/strong> sono rivolti a genitori adottivi, coppie candidate all\u2019adozione e a chiunque sia interessato ad approfondire i temi della genitorialit\u00e0; organizzati in convenzione con l\u2019ASUGI \u2013 Azienda Sanitaria Universitaria Giuliano Isontina \u2013 hanno l\u2019obiettivo di diffondere la cultura dell\u2019adozione, offrire un primo sostegno alla genitorialit\u00e0 adottiva e rafforzare la rete tra famiglie.<\/em><\/p>\n<\/div>\n<div style=\"font-size: 14px;font-family: Roboto, sans-serif;background-color: #ffffff\">\n<p style=\"color: #242424;font-size: 15px\"><span class=\"v1v1markhi8d3n43s\" style=\"color: inherit\">ANFAA<\/span>, dalla parte dei bambini\u2026 sempre! \u2764\ufe0f<\/p>\n<\/div>\n<div id=\":nu\" class=\"ii gt\">\n<div id=\":nv\" class=\"a3s aiL \">\n<div>\n<div>\n<div>\n<div class=\"yj6qo\"><\/div>\n<div class=\"adL\"><\/div>\n<\/div>\n<div class=\"adL\"><\/div>\n<\/div>\n<\/div>\n<\/div>\n<\/div>\n<\/div><\/div><\/div><\/div><\/div>\n","protected":false},"excerpt":{"rendered":"","protected":false},"author":12,"featured_media":3811,"comment_status":"closed","ping_status":"closed","sticky":false,"template":"","format":"standard","meta":{"footnotes":""},"categories":[9,10],"tags":[],"class_list":["post-3821","post","type-post","status-publish","format-standard","has-post-thumbnail","hentry","category-adozione","category-affidamento"],"_links":{"self":[{"href":"https:\/\/www.anfaa.it\/trieste\/wp-json\/wp\/v2\/posts\/3821","targetHints":{"allow":["GET"]}}],"collection":[{"href":"https:\/\/www.anfaa.it\/trieste\/wp-json\/wp\/v2\/posts"}],"about":[{"href":"https:\/\/www.anfaa.it\/trieste\/wp-json\/wp\/v2\/types\/post"}],"author":[{"embeddable":true,"href":"https:\/\/www.anfaa.it\/trieste\/wp-json\/wp\/v2\/users\/12"}],"replies":[{"embeddable":true,"href":"https:\/\/www.anfaa.it\/trieste\/wp-json\/wp\/v2\/comments?post=3821"}],"version-history":[{"count":1,"href":"https:\/\/www.anfaa.it\/trieste\/wp-json\/wp\/v2\/posts\/3821\/revisions"}],"predecessor-version":[{"id":3824,"href":"https:\/\/www.anfaa.it\/trieste\/wp-json\/wp\/v2\/posts\/3821\/revisions\/3824"}],"wp:featuredmedia":[{"embeddable":true,"href":"https:\/\/www.anfaa.it\/trieste\/wp-json\/wp\/v2\/media\/3811"}],"wp:attachment":[{"href":"https:\/\/www.anfaa.it\/trieste\/wp-json\/wp\/v2\/media?parent=3821"}],"wp:term":[{"taxonomy":"category","embeddable":true,"href":"https:\/\/www.anfaa.it\/trieste\/wp-json\/wp\/v2\/categories?post=3821"},{"taxonomy":"post_tag","embeddable":true,"href":"https:\/\/www.anfaa.it\/trieste\/wp-json\/wp\/v2\/tags?post=3821"}],"curies":[{"name":"wp","href":"https:\/\/api.w.org\/{rel}","templated":true}]}}